{"id":943,"date":"2025-03-17T10:32:51","date_gmt":"2025-03-17T09:32:51","guid":{"rendered":"https:\/\/www.superprogetti.it\/spi\/?p=943"},"modified":"2025-04-03T07:47:28","modified_gmt":"2025-04-03T05:47:28","slug":"i-padroni-del-mondo","status":"publish","type":"post","link":"https:\/\/www.superprogetti.it\/spi\/i-padroni-del-mondo\/","title":{"rendered":"I padroni del mondo"},"content":{"rendered":"<p>&nbsp;<\/p>\n<p>Lo scorso Marted\u00ec 11 marzo 2025 \u00e9 stato pubblicato <a href=\"https:\/\/www.mim.gov.it\/web\/guest\/-\/pubblicato-il-testo-delle-nuove-indicazioni-per-la-scuola-dell-infanzia-e-primo-ciclo-di-istruzione-materiali-per-il-dibattito-pubblico\">sul sito del MIR il nuovo documento<\/a> con le \u201cNuove Indicazioni 2025\u201d\u00a0 per la scuola dell\u2019infanzia e primo ciclo di istruzione in Italia. <a href=\"https:\/\/www.mim.gov.it\/documents\/20182\/0\/Nuove+indicazioni+2025.pdf\/cebce5de-1e1d-12de-8252-79758c00a50b?version=1.0&amp;t=1741684578272\">Trattasi di un documento lungo<\/a>, che tratta tutte le materie presenti, a partire dalla scuola dell\u2019infanzia sino al tutto il primo ciclo di istruzione. In particolare, invitiamo assolutamente a leggere la sezione inerente la materia STORIA a partire da pag. 69. Questa materia &#8211; molto pi\u00f9 di quelle scientifiche &#8211; si presta a revisionismi strumentali e manipolazioni, id fatto il modo migliore di creare esatte percezioni e sentimenti nelle nuove generazioni.<\/p>\n<p>Il documento inizia con un assunto che mi fa rabbrividire. \u201c Solo l\u2019occidente conosce la storia &#8221; e continua con &#8221; la cultura occidentale \u00e8 stata in grado di farsi innanzi tutto intellettualmente padrona del mondo, di conoscerlo, di conquistarlo per secoli e di modellarlo.&#8221;\u00a0 Seguono una sequela di sproloqui sgrammaticati che evidentemente l\u2019egregio professore emerito della normale di Pisa ha redatto di persona per questa sezione.<\/p>\n<p>Le nuove generazioni sembrano essere in mano a persone che vogliono imporre un nuovo nazionalismo. Chiarissima \u00e9 la loro volont\u00e0 di instillare nei giovani, sin da piccolissimi, un rinnovato patriottismo definito da supposte e pericolose superiorit\u00e0 morali, storiche e culturali. Evidentemente questa gentaglia vuole dei giovani che accettino a cuor leggero le nuove dinamiche belliciste.<\/p>\n","protected":false},"excerpt":{"rendered":"<p>&nbsp; Lo scorso Marted\u00ec 11 marzo 2025 \u00e9 stato pubblicato sul sito del MIR il nuovo documento con le \u201cNuove Indicazioni 2025\u201d\u00a0 per la scuola dell\u2019infanzia e primo ciclo di istruzione in Italia. Trattasi di un documento lungo, che tratta tutte le materie presenti, a partire dalla scuola dell\u2019infanzia sino al tutto il primo ciclo [&hellip;]<\/p>\n","protected":false},"author":1,"featured_media":0,"comment_status":"closed","ping_status":"closed","sticky":false,"template":"","format":"standard","meta":{"_et_pb_use_builder":"","_et_pb_old_content":"","_et_gb_content_width":"","footnotes":""},"categories":[1],"tags":[],"class_list":["post-943","post","type-post","status-publish","format-standard","hentry","category-superitaly"],"_links":{"self":[{"href":"https:\/\/www.superprogetti.it\/spi\/wp-json\/wp\/v2\/posts\/943","targetHints":{"allow":["GET"]}}],"collection":[{"href":"https:\/\/www.superprogetti.it\/spi\/wp-json\/wp\/v2\/posts"}],"about":[{"href":"https:\/\/www.superprogetti.it\/spi\/wp-json\/wp\/v2\/types\/post"}],"author":[{"embeddable":true,"href":"https:\/\/www.superprogetti.it\/spi\/wp-json\/wp\/v2\/users\/1"}],"replies":[{"embeddable":true,"href":"https:\/\/www.superprogetti.it\/spi\/wp-json\/wp\/v2\/comments?post=943"}],"version-history":[{"count":12,"href":"https:\/\/www.superprogetti.it\/spi\/wp-json\/wp\/v2\/posts\/943\/revisions"}],"predecessor-version":[{"id":1037,"href":"https:\/\/www.superprogetti.it\/spi\/wp-json\/wp\/v2\/posts\/943\/revisions\/1037"}],"wp:attachment":[{"href":"https:\/\/www.superprogetti.it\/spi\/wp-json\/wp\/v2\/media?parent=943"}],"wp:term":[{"taxonomy":"category","embeddable":true,"href":"https:\/\/www.superprogetti.it\/spi\/wp-json\/wp\/v2\/categories?post=943"},{"taxonomy":"post_tag","embeddable":true,"href":"https:\/\/www.superprogetti.it\/spi\/wp-json\/wp\/v2\/tags?post=943"}],"curies":[{"name":"wp","href":"https:\/\/api.w.org\/{rel}","templated":true}]}}