{"id":881,"date":"2025-01-21T20:59:47","date_gmt":"2025-01-21T19:59:47","guid":{"rendered":"https:\/\/www.superprogetti.it\/spi\/?p=881"},"modified":"2025-01-21T21:14:31","modified_gmt":"2025-01-21T20:14:31","slug":"no-strategy","status":"publish","type":"post","link":"https:\/\/www.superprogetti.it\/spi\/no-strategy\/","title":{"rendered":"No strategy"},"content":{"rendered":"<p>&nbsp;<\/p>\n<p>Nel 2023 l&#8217;europa ha contribuito all&#8217;emissione del 6,3% di Co2 a livello mondiale. Stati uniti al 12% e Cina 34%. Noi per per portarci al 4% ci siamo infilati in una decrescita infelice sin dal principio. Si noti bene che il &#8211; 2% eventuale di Co2 non emessa non avr\u00e0 alcuna conseguenze benefica dato che Cina e Usa continueranno con ritmo raddoppiato da qui a breve. La Cina produce prodotti che tutti noi utilizziamo compriamo e vogliamo. L&#8217;inquinamento \u00e8 semplicemente delocalizzato. Con una differenza non di poco conto, cio\u00e8 la mancanza totale di competitivit\u00e0. Per esempio: la BYD cinese, ha un debito di 44 miliardi di dollari garantito dal governo cinese. Qui invece qualsiasi costruttore europeo con un debito del genere dovrebbe portare i libri in tribunale. Si guardi finalmente ai dati di fatto: la Cina investe massicciamente anche nel cercare di ridurre le emissioni e gi\u00e1 da qualche anno \u00e9 diventata leader mondiale sia nelle rinnovabili che nelle auto elettriche, conquistando fette sempre pi\u00fa ampie di mercato globale. Gli USA di Trump con i dazi in divenire hanno deciso di puntare sul mercato interno, e costringere il mercato europeo a prezzi triplicati, scarse performance ed attese assurde per le consegne. E&#8217; quanto mai evidente che l&#8217;Europa non ha una strategia economica in nessun contesto, stretta come \u00e8 fra incudine e martello. Si \u00e9 fatta demolire dalla Cina in termini di competitivit\u00e1. Non ha una inntelligence interna tale da garantire la sicurezza sui gasdotti degli ormai ex fornitori russi. Ed ora, con Trump e Musk seduti nella stanza ovale, non ha assolutamente la forza di rispondere alle pretese di aumento dei costi del racket in mano alla Nato. Mettersi ancora nelle mani di Rutte e Von Der Leyen significa proprio non volersi bene.<\/p>\n","protected":false},"excerpt":{"rendered":"<p>&nbsp; Nel 2023 l&#8217;europa ha contribuito all&#8217;emissione del 6,3% di Co2 a livello mondiale. Stati uniti al 12% e Cina 34%. Noi per per portarci al 4% ci siamo infilati in una decrescita infelice sin dal principio. Si noti bene che il &#8211; 2% eventuale di Co2 non emessa non avr\u00e0 alcuna conseguenze benefica dato [&hellip;]<\/p>\n","protected":false},"author":1,"featured_media":0,"comment_status":"closed","ping_status":"closed","sticky":false,"template":"","format":"standard","meta":{"_et_pb_use_builder":"","_et_pb_old_content":"","_et_gb_content_width":"","footnotes":""},"categories":[1],"tags":[],"class_list":["post-881","post","type-post","status-publish","format-standard","hentry","category-superitaly"],"_links":{"self":[{"href":"https:\/\/www.superprogetti.it\/spi\/wp-json\/wp\/v2\/posts\/881","targetHints":{"allow":["GET"]}}],"collection":[{"href":"https:\/\/www.superprogetti.it\/spi\/wp-json\/wp\/v2\/posts"}],"about":[{"href":"https:\/\/www.superprogetti.it\/spi\/wp-json\/wp\/v2\/types\/post"}],"author":[{"embeddable":true,"href":"https:\/\/www.superprogetti.it\/spi\/wp-json\/wp\/v2\/users\/1"}],"replies":[{"embeddable":true,"href":"https:\/\/www.superprogetti.it\/spi\/wp-json\/wp\/v2\/comments?post=881"}],"version-history":[{"count":6,"href":"https:\/\/www.superprogetti.it\/spi\/wp-json\/wp\/v2\/posts\/881\/revisions"}],"predecessor-version":[{"id":887,"href":"https:\/\/www.superprogetti.it\/spi\/wp-json\/wp\/v2\/posts\/881\/revisions\/887"}],"wp:attachment":[{"href":"https:\/\/www.superprogetti.it\/spi\/wp-json\/wp\/v2\/media?parent=881"}],"wp:term":[{"taxonomy":"category","embeddable":true,"href":"https:\/\/www.superprogetti.it\/spi\/wp-json\/wp\/v2\/categories?post=881"},{"taxonomy":"post_tag","embeddable":true,"href":"https:\/\/www.superprogetti.it\/spi\/wp-json\/wp\/v2\/tags?post=881"}],"curies":[{"name":"wp","href":"https:\/\/api.w.org\/{rel}","templated":true}]}}