{"id":1204,"date":"2025-05-16T09:41:55","date_gmt":"2025-05-16T07:41:55","guid":{"rendered":"https:\/\/www.superprogetti.it\/spi\/?p=1204"},"modified":"2025-05-16T15:03:08","modified_gmt":"2025-05-16T13:03:08","slug":"alzati-e-cammina","status":"publish","type":"post","link":"https:\/\/www.superprogetti.it\/spi\/alzati-e-cammina\/","title":{"rendered":"Alzati e cammina"},"content":{"rendered":"<p>&nbsp;<\/p>\n<p>Dentro questo vasto \u201cnoi\u201d di pulsanti antichi pensieri connessi, c\u2019\u00e8 resilienza. Dopo silenzi pesanti, lotte intestine, notti oscure nelle quali ogni movimento \u00e8 spento ed ogni speranza sopita, il gelo dell\u2019inazione \u00e8 una prigione invisibile. La paura serra la gola, blocca i passi e inibisce il sonno. In quei momenti di stasi apparente, nel profondo, cova una piccola scintilla. La vedi? \u00c8 un dato ancestrale: si innesca con un minimo movimento. Di colpo urge la necessit\u00e0 di protendersi, si dichiara una voce radicata nella nostra stessa essenza, che ci ricorda che la natura \u00e8 divenire, \u00e8 trasformazione, \u00e8 cambiamento, \u00e8 libert\u00e0 nonostante i vincoli. Quella scintilla si riaccende in continuazione, anche quando tutto sembra perduto e non oseresti mai allungare quell\u2019arto intorpidito. Lo puoi fare e sar\u00e0 come un primo respiro dopo un\u2019apnea. Non c\u2019\u00e8 un comando esterno. \u00c8 una spinta interiore, il bisogno primario di uscire dall\u2019immobilit\u00e0. Con esso si risveglia anche la consapevolezza. Non \u00e8 una strada spianata, ma un sentiero irto di ostacoli che si snoda, invitandoci a seguirlo. Al suo fianco ci sarebbe anche un\u2019autostrada fornita di tutti i comfort. Quale sar\u00e0 mai la strada pi\u00f9 illuminante?<\/p>\n","protected":false},"excerpt":{"rendered":"<p>&nbsp; Dentro questo vasto \u201cnoi\u201d di pulsanti antichi pensieri connessi, c\u2019\u00e8 resilienza. Dopo silenzi pesanti, lotte intestine, notti oscure nelle quali ogni movimento \u00e8 spento ed ogni speranza sopita, il gelo dell\u2019inazione \u00e8 una prigione invisibile. La paura serra la gola, blocca i passi e inibisce il sonno. In quei momenti di stasi apparente, nel [&hellip;]<\/p>\n","protected":false},"author":1,"featured_media":0,"comment_status":"closed","ping_status":"closed","sticky":false,"template":"","format":"standard","meta":{"_et_pb_use_builder":"","_et_pb_old_content":"","_et_gb_content_width":"","footnotes":""},"categories":[1],"tags":[],"class_list":["post-1204","post","type-post","status-publish","format-standard","hentry","category-superitaly"],"_links":{"self":[{"href":"https:\/\/www.superprogetti.it\/spi\/wp-json\/wp\/v2\/posts\/1204","targetHints":{"allow":["GET"]}}],"collection":[{"href":"https:\/\/www.superprogetti.it\/spi\/wp-json\/wp\/v2\/posts"}],"about":[{"href":"https:\/\/www.superprogetti.it\/spi\/wp-json\/wp\/v2\/types\/post"}],"author":[{"embeddable":true,"href":"https:\/\/www.superprogetti.it\/spi\/wp-json\/wp\/v2\/users\/1"}],"replies":[{"embeddable":true,"href":"https:\/\/www.superprogetti.it\/spi\/wp-json\/wp\/v2\/comments?post=1204"}],"version-history":[{"count":22,"href":"https:\/\/www.superprogetti.it\/spi\/wp-json\/wp\/v2\/posts\/1204\/revisions"}],"predecessor-version":[{"id":1232,"href":"https:\/\/www.superprogetti.it\/spi\/wp-json\/wp\/v2\/posts\/1204\/revisions\/1232"}],"wp:attachment":[{"href":"https:\/\/www.superprogetti.it\/spi\/wp-json\/wp\/v2\/media?parent=1204"}],"wp:term":[{"taxonomy":"category","embeddable":true,"href":"https:\/\/www.superprogetti.it\/spi\/wp-json\/wp\/v2\/categories?post=1204"},{"taxonomy":"post_tag","embeddable":true,"href":"https:\/\/www.superprogetti.it\/spi\/wp-json\/wp\/v2\/tags?post=1204"}],"curies":[{"name":"wp","href":"https:\/\/api.w.org\/{rel}","templated":true}]}}