{"id":1191,"date":"2025-05-09T15:32:45","date_gmt":"2025-05-09T13:32:45","guid":{"rendered":"https:\/\/www.superprogetti.it\/spi\/?p=1191"},"modified":"2025-05-16T09:44:05","modified_gmt":"2025-05-16T07:44:05","slug":"un-americano-a-roma","status":"publish","type":"post","link":"https:\/\/www.superprogetti.it\/spi\/un-americano-a-roma\/","title":{"rendered":"Un americano a Roma"},"content":{"rendered":"<p>&nbsp;<\/p>\n<p><img loading=\"lazy\" decoding=\"async\" class=\"alignnone size-large wp-image-1192\" src=\"https:\/\/www.superprogetti.it\/spi\/wp-content\/uploads\/2025\/05\/uaar-1024x589.jpg\" alt=\"\" width=\"1024\" height=\"589\" srcset=\"https:\/\/www.superprogetti.it\/spi\/wp-content\/uploads\/2025\/05\/uaar-980x564.jpg 980w, https:\/\/www.superprogetti.it\/spi\/wp-content\/uploads\/2025\/05\/uaar-480x276.jpg 480w\" sizes=\"(min-width: 0px) and (max-width: 480px) 480px, (min-width: 481px) and (max-width: 980px) 980px, (min-width: 981px) 1024px, 100vw\" \/><\/p>\n<p>&nbsp;<\/p>\n<p>Cosa vuoi dirmi Leone? Stai stressando un termine che fin dall&#8217;inizio solleva numerosi interrogativi sul tono e sull&#8217;approccio che intendi affrontare nei confronti della fede e della non-fede nel mondo contemporaneo. Da giorni il mainstream non fa che parlare di voi, ed ora di te e delle tue considerazioni sull&#8217;ateismo di fatto. Se \u00e9 gi\u00e0 un concetto negativo per un credente, di certo \u00e9 giudicante nei confronti di chi non condivide &#8211; per esempio &#8211; la presenza del crocifisso nelle scuole primarie e secondarie. Mi dirai: &#8220;Sto parlando solo ai miei, tu che cazzo c&#8217;entri, ateo di merda?&#8221; S\u00ec, ok, ma sei stato messo su troppo in fretta, sei di una certa nazionalit\u00e0 e sei abbastanza giovane da rimanere a lungo come Wojty\u0142a, il che \u00e8 assolutamente indicativo.<\/p>\n<p>La critica all&#8217;allontanamento dalla fede ed il ritorno a valori &#8220;tradizionali&#8221; trova un&#8217;eco particolare solo in certi soggetti destrorsi, e viene interpretato in modi specifici all&#8217;interno dall&#8217;avanzamento di forze di destra in europa e nel mondo in generale. \u00c8 importante distinguere le motivazioni intrinseche di un discorso religioso e le sue possibili interpretazioni o strumentalizzazioni politiche. Ma diciamolo: voi siete i numeri uno di questa forma di comunicazione vecchia di secoli. La laicit\u00e0, nella sua accezione di garanzia di libert\u00e0 e pluralismo, oggi \u00e9 un valore fondamentale in una societ\u00e0 democratica, \u00e9 intesa come garanzia della libert\u00e0 di coscienza e di religione per tutti, credenti e non credenti, e come la neutralit\u00e0 dello Stato sia garanzia di rispetto alle diverse fedi. Questo modello ha contribuito a una convivenza pacifica e al rispetto delle minoranze.<\/p>\n<p>Questa cosa non vi \u00e8 mai andata gi\u00f9. Bramate come sempre dalla voglia di dettare le vostre condizioni, non \u00e8 vero? \u00c8 per questo che Francy vi stava poco simpatico. Vi urtava il suo rispetto per il diverso. Beh, sarete contenti,\u00a0 la vostra agenda si \u00e8 subito riempita di contenuti finalmente a voi graditi, soprattutto in termini ideologici. Dagli addosso al laico e all&#8217;ateo. Visioni che si sono radicate al punto da farvi paura.<\/p>\n<p>Comunque, vediamo se hai il coraggio di farti vedere a Gaza, caro il mio yenkee. Da ateo quale sono, cio\u00e8 uno che deve essere stigmatizzato a prescindere, potresti anche sorprendermi.<\/p>\n<p data-sourcepos=\"22:1-22:499\">\n","protected":false},"excerpt":{"rendered":"<p>&nbsp; &nbsp; Cosa vuoi dirmi Leone? Stai stressando un termine che fin dall&#8217;inizio solleva numerosi interrogativi sul tono e sull&#8217;approccio che intendi affrontare nei confronti della fede e della non-fede nel mondo contemporaneo. Da giorni il mainstream non fa che parlare di voi, ed ora di te e delle tue considerazioni sull&#8217;ateismo di fatto. Se [&hellip;]<\/p>\n","protected":false},"author":1,"featured_media":0,"comment_status":"closed","ping_status":"closed","sticky":false,"template":"","format":"standard","meta":{"_et_pb_use_builder":"","_et_pb_old_content":"","_et_gb_content_width":"","footnotes":""},"categories":[1],"tags":[],"class_list":["post-1191","post","type-post","status-publish","format-standard","hentry","category-superitaly"],"_links":{"self":[{"href":"https:\/\/www.superprogetti.it\/spi\/wp-json\/wp\/v2\/posts\/1191","targetHints":{"allow":["GET"]}}],"collection":[{"href":"https:\/\/www.superprogetti.it\/spi\/wp-json\/wp\/v2\/posts"}],"about":[{"href":"https:\/\/www.superprogetti.it\/spi\/wp-json\/wp\/v2\/types\/post"}],"author":[{"embeddable":true,"href":"https:\/\/www.superprogetti.it\/spi\/wp-json\/wp\/v2\/users\/1"}],"replies":[{"embeddable":true,"href":"https:\/\/www.superprogetti.it\/spi\/wp-json\/wp\/v2\/comments?post=1191"}],"version-history":[{"count":11,"href":"https:\/\/www.superprogetti.it\/spi\/wp-json\/wp\/v2\/posts\/1191\/revisions"}],"predecessor-version":[{"id":1211,"href":"https:\/\/www.superprogetti.it\/spi\/wp-json\/wp\/v2\/posts\/1191\/revisions\/1211"}],"wp:attachment":[{"href":"https:\/\/www.superprogetti.it\/spi\/wp-json\/wp\/v2\/media?parent=1191"}],"wp:term":[{"taxonomy":"category","embeddable":true,"href":"https:\/\/www.superprogetti.it\/spi\/wp-json\/wp\/v2\/categories?post=1191"},{"taxonomy":"post_tag","embeddable":true,"href":"https:\/\/www.superprogetti.it\/spi\/wp-json\/wp\/v2\/tags?post=1191"}],"curies":[{"name":"wp","href":"https:\/\/api.w.org\/{rel}","templated":true}]}}